{"id":1971,"date":"2010-09-27T12:26:40","date_gmt":"2010-09-27T12:26:40","guid":{"rendered":"https:\/\/www.lamagnetica.com\/rss-is-dead-long-live-rss\/"},"modified":"2023-01-24T08:06:36","modified_gmt":"2023-01-24T08:06:36","slug":"rss-is-dead-long-live-rss","status":"publish","type":"post","link":"https:\/\/www.lamagnetica.com\/es\/blog\/rss-is-dead-long-live-rss\/","title":{"rendered":"RSS is dead. Long live RSS"},"content":{"rendered":"<p>Via el tumblr de Pisani arribem a un article que proclama la mort dels lectors de RSS, que els lectors de RSS no s\u00f3n pels consumidors\/usuaris.<\/p>\n<p><!--more--><\/p>\n<p>Segons estad\u00edstiques de Hitwise l\u2019\u00fas dels lectors m\u00e9s utilitzats, Bloglines i Google, s\u2019estanca durant els \u00faltims anys. I ho explica indicant que l\u2019usuari prefereix serveis com Facebook i Twitter per controlar el que llegeix. De fet, segons Hitwise, <strong>Facebook <\/strong>va representar el <strong>3.52 per cent de totes les visites a llocs de not\u00edcies i mitjans de comunicaci\u00f3. <\/strong><\/p>\n<h2>Experi\u00e8ncia d&#8217;usuari vs lectors de RSS<\/h2>\n<p>A l\u2019article de refer\u00e8ncia es menciona una idea que a La Magn\u00e8tica fa temps que tenim present: la majoria de lectors de RSS no impliquen una experi\u00e8ncia per l\u2019usuari.<\/p>\n<p>Al llegir aquest article recordem un de <a href=\"http:\/\/www.enriquedans.com\/2010\/07\/los-lectores-rss-y-el-uso-corporativo.html\" target=\"_blank\" rel=\"noopener\">Enrique Dans<\/a> que parla de l\u2019esc\u00e0s \u00fas que se li d\u00f3na a l\u2019RSS a nivell corporatiu i de la import\u00e0ncia d\u2019aquestes eines a l\u2019hora d\u2019organitzar el consum de la informaci\u00f3 dins de l\u2019empresa. Nosaltres no podem estar m\u00e9s d\u2019acord, per aix\u00f2 lluny de matar a l\u2019RSS, seguim pensant en la necessitat d\u2019aprofundir en els usos d\u2019aquesta tecnologia i traduir-los en projectes de comunicaci\u00f3.<\/p>\n<p>Coneixem Netvibes, Google Reader, Delicious i dem\u00e9s&#8230;per\u00f2 a nosaltres ens segueixen semblant \u00fatils per\u00f2 avorrits.<\/p>\n<p>\u00c9s a dir, recopilem tots els temes que ens interessen, els etiquetem i agrupem&#8230;per\u00f2 la plataforma no acaba d\u2019enganar-nos. Totes ofereixen una soluci\u00f3 tecnol\u00f2gica i \u00fatil per\u00f2 no comuniquen \u00a0(<em>RSS is a means to an end, not a consumer experience in and of itself<\/em>).<\/p>\n<p>Per altra banda hi ha projectes com <a href=\"http:\/\/www.huffingtonpost.com\/\" target=\"_blank\" rel=\"noopener\">Huffintong Post<\/a>, que han sabut utilitzar la tecnologia i a la vegada donar-l\u2019hi una capa de comunicaci\u00f3 al projecte. Aix\u00f2 pot explicar l\u2019admirable creixement en tr\u00e0fic que he tingut els \u00faltims anys.<\/p>\n<p>Tot i aix\u00ed, no coneixem cap iniciativa similar en castell\u00e0 tret de la desapareguda Soitu (si hi \u00e9s, ens ho dieu).<br \/>\nA nosaltres el que ens passa \u00e9s que tampoc volem seguir un diari amb temes generals o amb un exc\u00e9s de temes a tractar i tots ficats dins del mateix sac. A laMagn\u00e8tica tenim com a objectiu treure un parell de projectes propis a l\u2019any, i un sobre el que estem donant voltes \u00e9s precisament un prototip de revista online o blogzine on poder seleccionar els temes que ens interessen (des de sociologia, fins a art i arquitectura, passant per la psicologia, la filosofia, el m\u00e0rqueting i l\u2019edici\u00f3), les fonts que m\u00e9s ens convencen que toquen aquests temes (incloses llistes de temes a Twitter), i a tot, afegir-li contingut propi, fet a casa.<\/p>\n<h2>Nous projectes<\/h2>\n<p>Estant sortint coses en les que ens podrem inspirar com Flipboard per l\u2019iPad i que es nodreix de Twitter i Facebook; i twittertim. Aquest \u00faltim \u00e9s un projecte que \u00e9 algunes coses interessants com explotar RSS, fer servir la informaci\u00f3 en l\u2019estructura de seguidors de Twitter, per\u00f2 que no acaba de quallar.<\/p>\n<p>I aix\u00ed estem, donant-li voltes al tema, intentant dedicar-l\u2019hi m\u00e9s hores als dia. Aviat esperem poder anunciar des d\u2019aqu\u00ed algun projecte relacionat amb el tema.<\/p>\n","protected":false},"excerpt":{"rendered":"<p>RSS is dead. Long live RSS<\/p>\n","protected":false},"author":1,"featured_media":0,"comment_status":"open","ping_status":"open","sticky":false,"template":"","format":"standard","meta":{"_acf_changed":false,"footnotes":""},"categories":[5],"tags":[],"class_list":["post-1971","post","type-post","status-publish","format-standard","hentry","category-sin-categorizar"],"acf":[],"_links":{"self":[{"href":"https:\/\/www.lamagnetica.com\/es\/wp-json\/wp\/v2\/posts\/1971","targetHints":{"allow":["GET"]}}],"collection":[{"href":"https:\/\/www.lamagnetica.com\/es\/wp-json\/wp\/v2\/posts"}],"about":[{"href":"https:\/\/www.lamagnetica.com\/es\/wp-json\/wp\/v2\/types\/post"}],"author":[{"embeddable":true,"href":"https:\/\/www.lamagnetica.com\/es\/wp-json\/wp\/v2\/users\/1"}],"replies":[{"embeddable":true,"href":"https:\/\/www.lamagnetica.com\/es\/wp-json\/wp\/v2\/comments?post=1971"}],"version-history":[{"count":5,"href":"https:\/\/www.lamagnetica.com\/es\/wp-json\/wp\/v2\/posts\/1971\/revisions"}],"predecessor-version":[{"id":3672,"href":"https:\/\/www.lamagnetica.com\/es\/wp-json\/wp\/v2\/posts\/1971\/revisions\/3672"}],"wp:attachment":[{"href":"https:\/\/www.lamagnetica.com\/es\/wp-json\/wp\/v2\/media?parent=1971"}],"wp:term":[{"taxonomy":"category","embeddable":true,"href":"https:\/\/www.lamagnetica.com\/es\/wp-json\/wp\/v2\/categories?post=1971"},{"taxonomy":"post_tag","embeddable":true,"href":"https:\/\/www.lamagnetica.com\/es\/wp-json\/wp\/v2\/tags?post=1971"}],"curies":[{"name":"wp","href":"https:\/\/api.w.org\/{rel}","templated":true}]}}