{"id":1927,"date":"2011-03-04T10:22:46","date_gmt":"2011-03-04T10:22:46","guid":{"rendered":"https:\/\/www.lamagnetica.com\/primera-redada-en-barcelona\/"},"modified":"2023-01-24T08:22:39","modified_gmt":"2023-01-24T08:22:39","slug":"primera-redada-en-barcelona","status":"publish","type":"post","link":"https:\/\/www.lamagnetica.com\/es\/blog\/primera-redada-en-barcelona\/","title":{"rendered":"Primera #redada en Barcelona"},"content":{"rendered":"<p>El mi\u00e9rcoles asistimos v\u00eda streaming a la primera <a href=\"http:\/\/twitter.com\/#!\/search\/%23redada\" target=\"_blank\" rel=\"noopener\">#redada<\/a> en Barcelona celebrada en el <a href=\"https:\/\/www.cccb.org\/es\">CCCB<\/a>. Aunque el CCCB est\u00e1 a menos de cinco minutos de LaMagn\u00e9tica no pudimos asistir en persona.<\/p>\n<p><!--more--><\/p>\n<p>La presentaci\u00f3n corri\u00f3 a cargo de Jos\u00e9 Luis de Vicente de <a href=\"http:\/\/zzzinc.net\/\" target=\"_blank\" rel=\"noopener\">ZZZINC <\/a>y los ponentes fueron:<\/p>\n<h2><strong><br \/>\n<\/strong><strong>Participantes #redada Barcelona<\/strong><\/h2>\n<p><strong>\u2022 Ignasi Labastida<\/strong>, l\u00edder de Creative Commons Espanya <a href=\"http:\/\/es.creativecommons.org\/\" target=\"_blank\" rel=\"noopener\">es.creativecommons.org<\/a><\/p>\n<p><strong>\u2022 Jaume Ripoll Vaquer<\/strong>, director de la plataforma de distribuci\u00f3n de cine en l\u00ednea Filmin <a href=\"http:\/\/www.filmin.com\/\" target=\"_blank\" rel=\"noopener\">www.filmin.com<\/a><\/p>\n<p><strong>\u2022 Simona Levi<\/strong>, impulsora del Free Culture Forum <a href=\"http:\/\/fcforum.net\/\" target=\"_blank\" rel=\"noopener\">fcforum.net <\/a>y fundadora de La EX <a href=\"http:\/\/la-ex.net\/\" target=\"_blank\" rel=\"noopener\">la-ex.net<\/a><\/p>\n<p><strong>\u2022 Daniel Granados<\/strong>, m\u00fasico i responsable de Producciones Doradas <a title=\"blocked::http:\/\/www.produccionesdoradas.com\/\" href=\"http:\/\/www.produccionesdoradas.com\/\" target=\"_blank\" rel=\"noopener\">produccionesdoradas.com<\/a>, sello independiente que edita bajo licencias libres.<\/p>\n<p><strong>\u2022 Cesc Gay<\/strong>, director de cine<\/p>\n<p>M\u00e1s que para extraer conclusiones, es un encuentro para intercambiar ideas y puntos de vista distintos, para recibir mucha informaci\u00f3n en presentaciones breves que luego hay que ir madurando con tiempo.<\/p>\n<p>El balance en l\u00edneas generales fue muy positivo. M\u00e1s all\u00e1 de\u00a0 las cr\u00edticas y alusiones a la ministra de cultura y a la SGAE, que no por justificadas a veces dejan de ser cansinas y de constituir una excusa f\u00e1cil para que \u201clos de Internet\u201d (expresi\u00f3n de uno de los defensores de la Ley Sinde, no recuerdo qui\u00e9n era) nos atrincheremos en una visi\u00f3n parcial. Fue interesante conocer experiencias como las de <a href=\"http:\/\/www.filmin.es\/\" target=\"_blank\" rel=\"noopener\">Filmin <\/a>y <a href=\"http:\/\/www.produccionesdoradas.com\/\">Producciones Doradas<\/a>, empresas centradas en el entorno digital con aproximaciones muy distintas y con un intento real de ensayar nuevas v\u00edas de distribuci\u00f3n de cine y m\u00fasica. En la misma mesa con un director de cine que analiz\u00f3 con sinceridad los pros y contras del entorno actual, el l\u00edder de Creative Commons en Espa\u00f1a y la apasionada e interesante Simona Levi.<\/p>\n<p>El pr\u00f3ximo paso para los que seguimos con inter\u00e9s la <a href=\"http:\/\/twitter.com\/#!\/search\/%23redada\" target=\"_blank\" rel=\"noopener\">#redada<\/a> es leer con detenimiento la versi\u00f3n completa de la declaraci\u00f3n de FCForum de<a href=\"http:\/\/fcforum.net\/es\/sustainable-models-for-creativity\/declaration\" target=\"_blank\" rel=\"noopener\"> Modelos Sostenibles para la Creatividad<\/a>, profundizando en los ejemplos y alternativas que ofrece.<\/p>\n","protected":false},"excerpt":{"rendered":"<p>Primera #redada en Barcelona<\/p>\n","protected":false},"author":1,"featured_media":0,"comment_status":"open","ping_status":"open","sticky":false,"template":"","format":"standard","meta":{"_acf_changed":false,"footnotes":""},"categories":[5],"tags":[],"class_list":["post-1927","post","type-post","status-publish","format-standard","hentry","category-sin-categorizar"],"acf":[],"_links":{"self":[{"href":"https:\/\/www.lamagnetica.com\/es\/wp-json\/wp\/v2\/posts\/1927","targetHints":{"allow":["GET"]}}],"collection":[{"href":"https:\/\/www.lamagnetica.com\/es\/wp-json\/wp\/v2\/posts"}],"about":[{"href":"https:\/\/www.lamagnetica.com\/es\/wp-json\/wp\/v2\/types\/post"}],"author":[{"embeddable":true,"href":"https:\/\/www.lamagnetica.com\/es\/wp-json\/wp\/v2\/users\/1"}],"replies":[{"embeddable":true,"href":"https:\/\/www.lamagnetica.com\/es\/wp-json\/wp\/v2\/comments?post=1927"}],"version-history":[{"count":3,"href":"https:\/\/www.lamagnetica.com\/es\/wp-json\/wp\/v2\/posts\/1927\/revisions"}],"predecessor-version":[{"id":3684,"href":"https:\/\/www.lamagnetica.com\/es\/wp-json\/wp\/v2\/posts\/1927\/revisions\/3684"}],"wp:attachment":[{"href":"https:\/\/www.lamagnetica.com\/es\/wp-json\/wp\/v2\/media?parent=1927"}],"wp:term":[{"taxonomy":"category","embeddable":true,"href":"https:\/\/www.lamagnetica.com\/es\/wp-json\/wp\/v2\/categories?post=1927"},{"taxonomy":"post_tag","embeddable":true,"href":"https:\/\/www.lamagnetica.com\/es\/wp-json\/wp\/v2\/tags?post=1927"}],"curies":[{"name":"wp","href":"https:\/\/api.w.org\/{rel}","templated":true}]}}