{"id":1688,"date":"2014-05-13T11:19:26","date_gmt":"2014-05-13T11:19:26","guid":{"rendered":"https:\/\/www.lamagnetica.com\/european-elections-on-twitter-the-pre-campaign\/"},"modified":"2023-01-23T14:28:08","modified_gmt":"2023-01-23T14:28:08","slug":"european-elections-on-twitter-the-pre-campaign","status":"publish","type":"post","link":"https:\/\/www.lamagnetica.com\/es\/blog\/european-elections-on-twitter-the-pre-campaign\/","title":{"rendered":"European Elections on Twitter: The Pre-Campaign"},"content":{"rendered":"<p>From April the 25th we are monitoring the European Elections\u2019 official hashtag on Twitter: #EP2014. In this article we want to show the analysis\u2019 results of the published tweets until May the 9<sup>th<\/sup>, day when the electoral campaign started. The main difference with previous editions is that, this time, <a href=\"https:\/\/en.wikipedia.org\/wiki\/European_Parliament_election,_2014\" target=\"_blank\" rel=\"noopener\">the process for electing the president of the European Commission<\/a> is more transparent and almost all the political parties have made public which candidate are they going to support.<\/p>\n<p><!--more--><\/p>\n<p>On these weeks of pre-campaign, we have collected more than 200.000 tweets with an approximate of 20.000 mentions, published by \u00a051.027\u00a0users. When the campaign is about to end, we will publish a new post with the final results.<\/p>\n<p>We have focused our study on Twitter users\u2019 interactions (politicians, parties, journalists, citizens). This is what we are looking for:<\/p>\n<ul>\n<li>To know if politicians are taking a true advantage of the communicative potential that social networks have. This means if they are using Twitter as a bidirectional communication channel with users or if they are using it to publish their slogans and wait for others to spread the word.<\/li>\n<li>Are they talking only with their followers, or are they trying to communicate with a wider range of users?<\/li>\n<li>Knowing if candidates are talking to each other.<\/li>\n<li>Which is the conversation structure? To do that we will analyze the main structured groups or communities talking about the European Elections. A very important datum of this structure is determined by:\n<ul>\n<li>Country<\/li>\n<li>Ideology, depending on the groups that are part of the European Parliament; or<\/li>\n<li>Party<\/li>\n<\/ul>\n<\/li>\n<li><span style=\"line-height: 1.5em;\">Most active and influence users.<\/span><\/li>\n<\/ul>\n<p>We have drawn a graph with all the profiles that have sent or received mentions in tweets with the hashtag #EP2014. Each point or node belongs to a Twitter user, and arrows belong to mentions between two users. Retweets and MTs are included in the mentions.<\/p>\n<p>The conversation is structured in more than 1.000 groups not connected to each other so far. As the campaign advances, some of these groups will be getting connected to the main group.<\/p>\n<p>The main group (called giant component on graph\u2019s theory and social network analysis) has over 80% of the users. We are going to focus on it, as long as it\u2019s in this group where most interesting phenomena occur. All candidates, except <a href=\"https:\/\/twitter.com\/teirdes\" target=\"_blank\" rel=\"noopener\">Amelia Andersdotter<\/a> and <a href=\"https:\/\/twitter.com\/brokep\" target=\"_blank\" rel=\"noopener\">Peter Sunde<\/a>, from the Pirate Party, are part of this main component that has the following aspect:<\/p>\n<p style=\"text-align: center;\"><a href=\"https:\/\/www.lamagnetica.com\/wp-content\/uploads\/2021\/08\/complete-graph-european-elections-2014-2.png\"><img loading=\"lazy\" decoding=\"async\" class=\"aligncenter  wp-image-3956\" title=\"complete-graph-european-elections-2014\" src=\"https:\/\/www.lamagnetica.com\/wp-content\/uploads\/2021\/08\/complete-graph-european-elections-2014-2.png\" alt=\"complete-graph-european-elections-2014\" width=\"425\" height=\"439\" \/><\/a><\/p>\n<p>The core is too dense to be properly visualized on a computer screen. This is why we are erasing the less relevant connections on the image. (On our calculations we are still using them all)<\/p>\n<p>And so we get a proper visualization, where we have highlighted with different colors clusters and user communities. This is, groups of users with lots of connections within the group, but fewer connections with other group profiles. On the <a title=\"2014-european-elections-graph\" href=\"http:\/\/www.lamagnetica.com\/descargas\/grafico-elecciones-europeas-2014.png\" target=\"_blank\" rel=\"noopener\">downloadable high-resolution image<\/a>, we can see into detail the groups and their main profiles.<\/p>\n<p style=\"text-align: center;\"><a href=\"https:\/\/www.lamagnetica.com\/wp-content\/uploads\/2021\/08\/european-elections-graph-2014-4.png\"><img loading=\"lazy\" decoding=\"async\" class=\"aligncenter  wp-image-3957\" title=\"european-elections-graph-2014\" src=\"https:\/\/www.lamagnetica.com\/wp-content\/uploads\/2021\/08\/european-elections-graph-2014-4.png\" alt=\"european-elections-graph-2014\" width=\"498\" height=\"333\" \/><\/a><\/p>\n<p>One of the first things that draw attention is that this is a graph without a central group surrounded by some peripheral groups. We have a lot of different sized groups, but none of them occupies a relevant central position connecting the other ones. This is a first conclusion of social network\u2019s usage on politics.<\/p>\n<h2><b>THE CANDIDATES<\/b><\/h2>\n<p>The second thing that draws attention is the relevance of the European Parliament President\u2019s profile and candidate of the socialist group for the Commission Presidency, <a href=\"https:\/\/twitter.com\/MartinSchulz\" target=\"_blank\" rel=\"noopener\">Martin Schulz<\/a>, who is making an important advertising investment on Twitter and has more than 105.000 followers.<\/p>\n<p>On the other hand, the candidate of the European People\u2019s Party, <a href=\"https:\/\/twitter.com\/JunckerEU\" target=\"_blank\" rel=\"noopener\">Jean-Claude Juncker<\/a>, occupies a more modest position.<\/p>\n<p>In this table we are presenting some indicators of the main candidates\u2019 profiles. They are grouped according to their centrality on the conversation.<\/p>\n<p style=\"text-align: center;\"><a href=\"https:\/\/www.lamagnetica.com\/wp-content\/uploads\/2021\/08\/european-elections-2014-1.jpg\"><img loading=\"lazy\" decoding=\"async\" class=\"aligncenter  wp-image-3971\" title=\"european-elections-2014\" src=\"https:\/\/www.lamagnetica.com\/wp-content\/uploads\/2021\/08\/european-elections-2014-1.jpg\" alt=\"european-elections-2014\" width=\"487\" height=\"197\" \/><\/a><\/p>\n<p>Martin Schulz leads the rank in each one of the aspects, and the conservative candidate Jean-Claude Juncker and the liberal one, <a href=\"https:\/\/twitter.com\/GuyVerhofstadt\" target=\"_blank\" rel=\"noopener\">Guy Verhofstadt<\/a>, are almost tie in a second and third position. The next three candidates are quite far away and their influence takes place just on specific circles. It is not a surprise, taking into account that these are the candidates for the European Green Party, <a href=\"https:\/\/twitter.com\/SkaKeller\" target=\"_blank\" rel=\"noopener\">Ska Keller<\/a> and the eccentric and populist <a href=\"https:\/\/twitter.com\/josebove\" target=\"_blank\" rel=\"noopener\">Jos\u00e9 Bov\u00e9<\/a>, and the candidate for the European Left Party, <a href=\"https:\/\/twitter.com\/tsipras_eu\" target=\"_blank\" rel=\"noopener\">Alexis Tsipras<\/a>.<\/p>\n<p>It is quite interesting the scarce number of mentions realized by the candidates during this period of analysis, even more if we take into account that we are including mentions to their political parties\u2019 user profiles. Right now they seem to be more comfortable exhorting on a pedestal than talking to their citizens, journalists and politicians. We\u2019ll have to see if this situation changes during the campaign.<\/p>\n<p>Now we are going to focus on taking a deeper look into some especially relevant zones of the graph. We start with Martin Schulz\u2019 environment, that include socialist politicians from different countries, like <a href=\"https:\/\/twitter.com\/ElenaValenciano\" target=\"_blank\" rel=\"noopener\">Elena Valenciano<\/a> from PSOE and <a href=\"https:\/\/twitter.com\/fjavilopez\" target=\"_blank\" rel=\"noopener\">Javi L\u00f3pez<\/a>, from PSC, very connected with the European Socialist Party main profile (both of them are at the right part of the yellow group). Also PSOE and L\u00f3pez Aguilar (both in blue) are very connected (you can find them on the upper part of the yellow group).<\/p>\n<p>Martin Schulz is also connected with the Green Party candidate, and other profiles related to the Greens (in purple), but mainly because of their mentions.<\/p>\n<p style=\"text-align: center;\"><a href=\"https:\/\/www.lamagnetica.com\/wp-content\/uploads\/2021\/08\/european-socialist-party-graph-2.png\"><img loading=\"lazy\" decoding=\"async\" class=\"aligncenter  wp-image-3959\" title=\"european-socialist-party-graph\" src=\"https:\/\/www.lamagnetica.com\/wp-content\/uploads\/2021\/08\/european-socialist-party-graph-2.png\" alt=\"european-socialist-party-graph\" width=\"491\" height=\"369\" \/><\/a><\/p>\n<p>The surroundings of the conservative candidate and the liberal one are less dense.<\/p>\n<p style=\"text-align: center;\"><a href=\"https:\/\/www.lamagnetica.com\/wp-content\/uploads\/2021\/08\/european-people-party-graph-2.png\"><img loading=\"lazy\" decoding=\"async\" class=\"aligncenter  wp-image-3958\" title=\"european-people-party-graph\" src=\"https:\/\/www.lamagnetica.com\/wp-content\/uploads\/2021\/08\/european-people-party-graph-2.png\" alt=\"european-people-party-graph\" width=\"491\" height=\"369\" \/><\/a><\/p>\n<p style=\"text-align: center;\"><a href=\"https:\/\/www.lamagnetica.com\/wp-content\/uploads\/2021\/08\/alliance-of-liberals-and-democrats-for-europe-party-2.png\"><img loading=\"lazy\" decoding=\"async\" class=\"aligncenter  wp-image-3955\" title=\"alliance-of-liberals-and-democrats-for-europe-party\" src=\"https:\/\/www.lamagnetica.com\/wp-content\/uploads\/2021\/08\/alliance-of-liberals-and-democrats-for-europe-party-2.png\" alt=\"alliance-of-liberals-and-democrats-for-europe-party\" width=\"491\" height=\"369\" \/><\/a><\/p>\n<h2><b>The Spanish Parties <\/b><\/h2>\n<p>We have seen that PSOE has different profiles integrated on the groups of users surrounding Martin Schulz. But the PP is a curious phenomenon. It has different profiles in groups not connected to each other.<\/p>\n<ul>\n<li>It has one on the right part of the graph, in blue (can be seen on the high-resolution image).<\/li>\n<li>Other groups (on the left part of the graph, light blue profiles, upon UE\u2019s profile) are related with the <a href=\"https:\/\/twitter.com\/Europarl_ES\" target=\"_blank\" rel=\"noopener\">European Parliament Spanish profile<\/a>. This group includes Gonz\u00e1lez Pons, PP Ja\u00e9n and PP M\u00e1laga, among other ones.<\/li>\n<li>A last group, close to the previous one, that includes profiles like the PP Andaluz, Cospedal and PP\u2019s candidate, Arias Ca\u00f1ete.<\/li>\n<\/ul>\n<p style=\"text-align: center;\"><a href=\"https:\/\/www.lamagnetica.com\/wp-content\/uploads\/2021\/08\/partido-popular-graph-2.png\"><img loading=\"lazy\" decoding=\"async\" class=\"aligncenter  wp-image-3961\" title=\"partido-popular-graph\" src=\"https:\/\/www.lamagnetica.com\/wp-content\/uploads\/2021\/08\/partido-popular-graph-2.png\" alt=\"partido-popular-graph\" width=\"498\" height=\"333\" \/><\/a><\/p>\n<p>The groups surrounding IU and UPyD are quite close, on the upper part of the graph. The presence of nationalist profiles is minimal.<\/p>\n<p style=\"text-align: center;\"><a href=\"https:\/\/www.lamagnetica.com\/wp-content\/uploads\/2021\/08\/izquierda-unida-y-union-progreso-y-democracia-graph-2.png\"><img loading=\"lazy\" decoding=\"async\" class=\"aligncenter  wp-image-3960\" title=\"izquierda-unida-y-union-progreso-y-democracia-graph\" src=\"https:\/\/www.lamagnetica.com\/wp-content\/uploads\/2021\/08\/izquierda-unida-y-union-progreso-y-democracia-graph-2.png\" alt=\"izquierda-unida-y-union-progreso-y-democracia-graph\" width=\"498\" height=\"333\" \/><\/a><\/p>\n<p><span style=\"line-height: 1.5em;\">The main difference is that PSOE is more integrated on the European socialist conversation, while other Spanish parties are less connected with their European colleagues.<\/span><\/p>\n<p>In France we can observe a similar attitude in the main groups (in red, on the bottom part, and purple on the right part), mostly composed by French profiles. Like in Spain, French socialists are much integrated with socialist profiles all over Europe than other parties with their respective European colleagues. Italy\u2019s presence is lesser than the Spanish, French or German one.<\/p>\n<h3>SOME FACTS ABOUT THE ANALYZED GROUP OF TWEETS<\/h3>\n<p>To sum-up, we want to show a table with some data of the tweets collected so far, and analyzed on this article:<\/p>\n<p style=\"text-align: center;\"><a href=\"https:\/\/www.lamagnetica.com\/wp-content\/uploads\/2021\/08\/data-of-the-european-elections-1.jpg\"><img loading=\"lazy\" decoding=\"async\" class=\"aligncenter  wp-image-3972\" title=\"data-of-the-european-elections\" src=\"https:\/\/www.lamagnetica.com\/wp-content\/uploads\/2021\/08\/data-of-the-european-elections-1.jpg\" alt=\"data-of-the-european-elections\" width=\"273\" height=\"338\" \/><\/a><\/p>\n<p>And on the main component:<\/p>\n<p style=\"text-align: center;\"><a href=\"https:\/\/www.lamagnetica.com\/wp-content\/uploads\/2021\/08\/main-component-data-1.jpg\"><img loading=\"lazy\" decoding=\"async\" class=\"aligncenter  wp-image-3973\" title=\"main-component-data\" src=\"https:\/\/www.lamagnetica.com\/wp-content\/uploads\/2021\/08\/main-component-data-1.jpg\" alt=\"main-component-data\" width=\"317\" height=\"138\" \/><\/a><\/p>\n<p>These pieces of data tell us different things about the kind of conversation that is taking place on Twitter regarding the European Elections:<\/p>\n<ul>\n<li>The number of mentions is quite low. Less than 10% of the tweets include mentions. In the majority of analysis that we\u2019ve done, we found clearly superior percentages.<\/li>\n<li>There are few repeated connections. This datum is going to be clearer at the end of the campaign, and we will see if has increased significantly or not.<\/li>\n<li>There are a wide number of components not connected to each other, but most of them are irrelevant and are formed by few users, most of the times by 2 or 3. However, there are some groups that do have some relevance, like the ones that include the candidates from the Pirate Party, and some other national clusters not connected to the main group. Some of these groups will join the main component when we add the tweets published during the campaign.<\/li>\n<li>When we were introducing this graph, we were highlighting that none of the groups has a central position that ease the contacts between the rest of the groups. This can be seen on the graph\u2019s diameter (26) and the average distance between 2 profiles (9,1), whereas in other graphs of similar size we see values of 10-15 and 4-7, respectively. This means that the political conversation is taking place in groups loosely connected to each other, meaning that:\n<ul>\n<li>There are few conversations between profiles from different countries. The only exception is the Socialist Group.<\/li>\n<li>There are few conversations between different ideology profiles.<\/li>\n<\/ul>\n<\/li>\n<\/ul>\n","protected":false},"excerpt":{"rendered":"<p>We have monitored the European Elections\u2019 official hashtag on Twitter: #EP2014. In this article we want to show the analysis\u2019 results of the published tweets until May the 9th, day when the electoral<\/p>\n","protected":false},"author":1,"featured_media":2210,"comment_status":"open","ping_status":"open","sticky":false,"template":"","format":"standard","meta":{"_acf_changed":false,"footnotes":""},"categories":[5],"tags":[],"class_list":["post-1688","post","type-post","status-publish","format-standard","has-post-thumbnail","hentry","category-sin-categorizar"],"acf":[],"_links":{"self":[{"href":"https:\/\/www.lamagnetica.com\/es\/wp-json\/wp\/v2\/posts\/1688","targetHints":{"allow":["GET"]}}],"collection":[{"href":"https:\/\/www.lamagnetica.com\/es\/wp-json\/wp\/v2\/posts"}],"about":[{"href":"https:\/\/www.lamagnetica.com\/es\/wp-json\/wp\/v2\/types\/post"}],"author":[{"embeddable":true,"href":"https:\/\/www.lamagnetica.com\/es\/wp-json\/wp\/v2\/users\/1"}],"replies":[{"embeddable":true,"href":"https:\/\/www.lamagnetica.com\/es\/wp-json\/wp\/v2\/comments?post=1688"}],"version-history":[{"count":2,"href":"https:\/\/www.lamagnetica.com\/es\/wp-json\/wp\/v2\/posts\/1688\/revisions"}],"predecessor-version":[{"id":3603,"href":"https:\/\/www.lamagnetica.com\/es\/wp-json\/wp\/v2\/posts\/1688\/revisions\/3603"}],"wp:featuredmedia":[{"embeddable":true,"href":"https:\/\/www.lamagnetica.com\/es\/wp-json\/wp\/v2\/media\/2210"}],"wp:attachment":[{"href":"https:\/\/www.lamagnetica.com\/es\/wp-json\/wp\/v2\/media?parent=1688"}],"wp:term":[{"taxonomy":"category","embeddable":true,"href":"https:\/\/www.lamagnetica.com\/es\/wp-json\/wp\/v2\/categories?post=1688"},{"taxonomy":"post_tag","embeddable":true,"href":"https:\/\/www.lamagnetica.com\/es\/wp-json\/wp\/v2\/tags?post=1688"}],"curies":[{"name":"wp","href":"https:\/\/api.w.org\/{rel}","templated":true}]}}